{"id":3116,"date":"2026-01-26T13:59:57","date_gmt":"2026-01-26T12:59:57","guid":{"rendered":"https:\/\/iaec2026granollers.com\/?p=3116"},"modified":"2026-02-10T08:49:16","modified_gmt":"2026-02-10T07:49:16","slug":"600-alumnes-de-la-uab-visitaran-granollers-per-coneixer-ciutats-educadores","status":"publish","type":"post","link":"https:\/\/iaec2026granollers.com\/pt\/600-alumnes-de-la-uab-visitaran-granollers-per-coneixer-ciutats-educadores\/","title":{"rendered":"600 alunos da UAB visitar\u00e3o Granollers para aprender sobre &quot;Educando as Cidades&quot;.\u00ab"},"content":{"rendered":"<p>De janeiro a mar\u00e7o, <strong>mais de 600 alunos<\/strong> Professores da Faculdade de Educa\u00e7\u00e3o da Universidade Aut\u00f4noma de Barcelona (UAB) visitar\u00e3o Granollers. O objetivo \u00e9 conhecer, em primeira m\u00e3o, o trabalho que a cidade desenvolve no \u00e2mbito do movimento internacional Cidades Educadoras.<\/p>\n<p>Nesta sexta-feira, 23 de janeiro, acontecer\u00e1 a primeira visita ao audit\u00f3rio do Museu Granollers. Mais de 60 estudantes universit\u00e1rios participar\u00e3o desta primeira sess\u00e3o. Nas semanas seguintes, haver\u00e1 outras sess\u00f5es. <strong>uma d\u00fazia de reuni\u00f5es<\/strong> distribu\u00eddos entre os meses de janeiro e mar\u00e7o.<\/p>\n<p>Todos os alunos est\u00e3o cursando a disciplina. <strong>Educa\u00e7\u00e3o e Contextos Educacionais (ECE)<\/strong>, desde o primeiro ano dos cursos de pedagogia, educa\u00e7\u00e3o social, ensino fundamental e educa\u00e7\u00e3o infantil. Al\u00e9m disso, durante dois fins de semana em mar\u00e7o, haver\u00e1 tamb\u00e9m quatro sess\u00f5es com alunos do Mestrado Interuniversit\u00e1rio em Juventude e Sociedade, realizado na UAB.<\/p>\n<p>As sess\u00f5es ser\u00e3o utilizadas para que os alunos reflitam sobre o papel educativo das cidades, explicando o que \u00e9 o conceito de uma cidade educativa e qual \u00e9 o seu funcionamento.\u2019<a href=\"https:\/\/www.edcities.org\/\">Associa\u00e7\u00e3o Internacional de Cidades Educadoras.<\/a><\/p>\n<p>O interesse desses alunos e professores da Universidade Aut\u00f4noma surgiu ap\u00f3s a apresenta\u00e7\u00e3o do Congresso Internacional de Cidades Educadoras, realizado em outubro passado.<a href=\"https:\/\/iaec2026granollers.com\/pt\/presentacio-del-congres-internacional-de-ciutats-educadores-a-la-facultat-deducacio-de-la-uab\/\"> A inaugura\u00e7\u00e3o do ano letivo de 2025\/2026 na Faculdade de Educa\u00e7\u00e3o.<\/a>.<\/p>","protected":false},"excerpt":{"rendered":"<p>De gener a mar\u00e7, m\u00e9s de 600 alumnes de la Facultat d\u2019Educaci\u00f3 de la Universitat Aut\u00f2noma de Barcelona (UAB) visitaran Granollers. Ho faran per con\u00e8ixer, de primera m\u00e0, la feina que est\u00e0 duent a terme la ciutat dins del moviment internacional de Ciutats Educadores. Aquest divendres 23 de gener hi haur\u00e0 la primera visita a [&hellip;]<\/p>","protected":false},"author":7,"featured_media":3185,"comment_status":"closed","ping_status":"open","sticky":false,"template":"","format":"standard","meta":{"_acf_changed":false,"footnotes":""},"categories":[33],"tags":[],"class_list":["post-3116","post","type-post","status-publish","format-standard","has-post-thumbnail","hentry","category-congres-internacional-de-ciutats-educadores"],"acf":[],"yoast_head":"<!-- This site is optimized with the Yoast SEO plugin v26.6 - https:\/\/yoast.com\/wordpress\/plugins\/seo\/ -->\n<title>600 alumnes de la UAB visitaran Granollers per con\u00e8ixer \u00abCiutats Educadores\u00bb - IAEC 2026 Granollers<\/title>\n<meta name=\"robots\" content=\"index, follow, max-snippet:-1, max-image-preview:large, max-video-preview:-1\" \/>\n<link rel=\"canonical\" href=\"https:\/\/iaec2026granollers.com\/pt\/600-alumnes-de-la-uab-visitaran-granollers-per-coneixer-ciutats-educadores\/\" \/>\n<meta property=\"og:locale\" content=\"pt_PT\" \/>\n<meta property=\"og:type\" content=\"article\" \/>\n<meta property=\"og:title\" content=\"600 alumnes de la UAB visitaran Granollers per con\u00e8ixer \u00abCiutats Educadores\u00bb - IAEC 2026 Granollers\" \/>\n<meta property=\"og:description\" content=\"De gener a mar\u00e7, m\u00e9s de 600 alumnes de la Facultat d\u2019Educaci\u00f3 de la Universitat Aut\u00f2noma de Barcelona (UAB) visitaran Granollers. Ho faran per con\u00e8ixer, de primera m\u00e0, la feina que est\u00e0 duent a terme la ciutat dins del moviment internacional de Ciutats Educadores. Aquest divendres 23 de gener hi haur\u00e0 la primera visita a [&hellip;]\" \/>\n<meta property=\"og:url\" content=\"https:\/\/iaec2026granollers.com\/pt\/600-alumnes-de-la-uab-visitaran-granollers-per-coneixer-ciutats-educadores\/\" \/>\n<meta property=\"og:site_name\" content=\"IAEC 2026 Granollers\" \/>\n<meta property=\"article:published_time\" content=\"2026-01-26T12:59:57+00:00\" \/>\n<meta property=\"article:modified_time\" content=\"2026-02-10T07:49:16+00:00\" \/>\n<meta property=\"og:image\" content=\"https:\/\/iaec2026granollers.com\/wp-content\/uploads\/2026\/01\/IMG_20260123_102415-scaled.jpg\" \/>\n\t<meta property=\"og:image:width\" content=\"2560\" \/>\n\t<meta property=\"og:image:height\" content=\"1920\" \/>\n\t<meta property=\"og:image:type\" content=\"image\/jpeg\" \/>\n<meta name=\"author\" content=\"slopez@granollers.cat\" \/>\n<meta name=\"twitter:card\" content=\"summary_large_image\" \/>\n<meta name=\"twitter:label1\" content=\"Escrito por\" \/>\n\t<meta name=\"twitter:data1\" content=\"slopez@granollers.cat\" \/>\n\t<meta name=\"twitter:label2\" content=\"Tempo estimado de leitura\" \/>\n\t<meta name=\"twitter:data2\" content=\"2 minutos\" \/>\n<script type=\"application\/ld+json\" class=\"yoast-schema-graph\">{\"@context\":\"https:\/\/schema.org\",\"@graph\":[{\"@type\":\"WebPage\",\"@id\":\"https:\/\/iaec2026granollers.com\/600-alumnes-de-la-uab-visitaran-granollers-per-coneixer-ciutats-educadores\/\",\"url\":\"https:\/\/iaec2026granollers.com\/600-alumnes-de-la-uab-visitaran-granollers-per-coneixer-ciutats-educadores\/\",\"name\":\"600 alumnes de la UAB visitaran Granollers per con\u00e8ixer \u00abCiutats Educadores\u00bb - IAEC 2026 Granollers\",\"isPartOf\":{\"@id\":\"https:\/\/iaec2026granollers.com\/#website\"},\"primaryImageOfPage\":{\"@id\":\"https:\/\/iaec2026granollers.com\/600-alumnes-de-la-uab-visitaran-granollers-per-coneixer-ciutats-educadores\/#primaryimage\"},\"image\":{\"@id\":\"https:\/\/iaec2026granollers.com\/600-alumnes-de-la-uab-visitaran-granollers-per-coneixer-ciutats-educadores\/#primaryimage\"},\"thumbnailUrl\":\"https:\/\/iaec2026granollers.com\/wp-content\/uploads\/2026\/01\/IMG_20260123_102415-scaled.jpg\",\"datePublished\":\"2026-01-26T12:59:57+00:00\",\"dateModified\":\"2026-02-10T07:49:16+00:00\",\"author\":{\"@id\":\"https:\/\/iaec2026granollers.com\/#\/schema\/person\/fd3271b45c66665f603aa75772212a4e\"},\"breadcrumb\":{\"@id\":\"https:\/\/iaec2026granollers.com\/600-alumnes-de-la-uab-visitaran-granollers-per-coneixer-ciutats-educadores\/#breadcrumb\"},\"inLanguage\":\"pt-PT\",\"potentialAction\":[{\"@type\":\"ReadAction\",\"target\":[\"https:\/\/iaec2026granollers.com\/600-alumnes-de-la-uab-visitaran-granollers-per-coneixer-ciutats-educadores\/\"]}]},{\"@type\":\"ImageObject\",\"inLanguage\":\"pt-PT\",\"@id\":\"https:\/\/iaec2026granollers.com\/600-alumnes-de-la-uab-visitaran-granollers-per-coneixer-ciutats-educadores\/#primaryimage\",\"url\":\"https:\/\/iaec2026granollers.com\/wp-content\/uploads\/2026\/01\/IMG_20260123_102415-scaled.jpg\",\"contentUrl\":\"https:\/\/iaec2026granollers.com\/wp-content\/uploads\/2026\/01\/IMG_20260123_102415-scaled.jpg\",\"width\":2560,\"height\":1920,\"caption\":\"Visites UAB\"},{\"@type\":\"BreadcrumbList\",\"@id\":\"https:\/\/iaec2026granollers.com\/600-alumnes-de-la-uab-visitaran-granollers-per-coneixer-ciutats-educadores\/#breadcrumb\",\"itemListElement\":[{\"@type\":\"ListItem\",\"position\":1,\"name\":\"Inici\",\"item\":\"https:\/\/iaec2026granollers.com\/\"},{\"@type\":\"ListItem\",\"position\":2,\"name\":\"600 alumnes de la UAB visitaran Granollers per con\u00e8ixer \u00abCiutats Educadores\u00bb\"}]},{\"@type\":\"WebSite\",\"@id\":\"https:\/\/iaec2026granollers.com\/#website\",\"url\":\"https:\/\/iaec2026granollers.com\/\",\"name\":\"IAEC 2026 Granollers\",\"description\":\"\",\"potentialAction\":[{\"@type\":\"SearchAction\",\"target\":{\"@type\":\"EntryPoint\",\"urlTemplate\":\"https:\/\/iaec2026granollers.com\/?s={search_term_string}\"},\"query-input\":{\"@type\":\"PropertyValueSpecification\",\"valueRequired\":true,\"valueName\":\"search_term_string\"}}],\"inLanguage\":\"pt-PT\"},{\"@type\":\"Person\",\"@id\":\"https:\/\/iaec2026granollers.com\/#\/schema\/person\/fd3271b45c66665f603aa75772212a4e\",\"name\":\"slopez@granollers.cat\",\"image\":{\"@type\":\"ImageObject\",\"inLanguage\":\"pt-PT\",\"@id\":\"https:\/\/iaec2026granollers.com\/#\/schema\/person\/image\/\",\"url\":\"https:\/\/secure.gravatar.com\/avatar\/c1f90af8556a5331e7564df344dc986b621857a6b0e60648322f949da3f2804f?s=96&d=mm&r=g\",\"contentUrl\":\"https:\/\/secure.gravatar.com\/avatar\/c1f90af8556a5331e7564df344dc986b621857a6b0e60648322f949da3f2804f?s=96&d=mm&r=g\",\"caption\":\"slopez@granollers.cat\"},\"url\":\"https:\/\/iaec2026granollers.com\/pt\/author\/slopezgranollers-cat\/\"}]}<\/script>\n<!-- \/ Yoast SEO plugin. -->","yoast_head_json":{"title":"600 alumnes de la UAB visitaran Granollers per con\u00e8ixer \u00abCiutats Educadores\u00bb - IAEC 2026 Granollers","robots":{"index":"index","follow":"follow","max-snippet":"max-snippet:-1","max-image-preview":"max-image-preview:large","max-video-preview":"max-video-preview:-1"},"canonical":"https:\/\/iaec2026granollers.com\/pt\/600-alumnes-de-la-uab-visitaran-granollers-per-coneixer-ciutats-educadores\/","og_locale":"pt_PT","og_type":"article","og_title":"600 alumnes de la UAB visitaran Granollers per con\u00e8ixer \u00abCiutats Educadores\u00bb - IAEC 2026 Granollers","og_description":"De gener a mar\u00e7, m\u00e9s de 600 alumnes de la Facultat d\u2019Educaci\u00f3 de la Universitat Aut\u00f2noma de Barcelona (UAB) visitaran Granollers. Ho faran per con\u00e8ixer, de primera m\u00e0, la feina que est\u00e0 duent a terme la ciutat dins del moviment internacional de Ciutats Educadores. Aquest divendres 23 de gener hi haur\u00e0 la primera visita a [&hellip;]","og_url":"https:\/\/iaec2026granollers.com\/pt\/600-alumnes-de-la-uab-visitaran-granollers-per-coneixer-ciutats-educadores\/","og_site_name":"IAEC 2026 Granollers","article_published_time":"2026-01-26T12:59:57+00:00","article_modified_time":"2026-02-10T07:49:16+00:00","og_image":[{"width":2560,"height":1920,"url":"https:\/\/iaec2026granollers.com\/wp-content\/uploads\/2026\/01\/IMG_20260123_102415-scaled.jpg","type":"image\/jpeg"}],"author":"slopez@granollers.cat","twitter_card":"summary_large_image","twitter_misc":{"Escrito por":"slopez@granollers.cat","Tempo estimado de leitura":"2 minutos"},"schema":{"@context":"https:\/\/schema.org","@graph":[{"@type":"WebPage","@id":"https:\/\/iaec2026granollers.com\/600-alumnes-de-la-uab-visitaran-granollers-per-coneixer-ciutats-educadores\/","url":"https:\/\/iaec2026granollers.com\/600-alumnes-de-la-uab-visitaran-granollers-per-coneixer-ciutats-educadores\/","name":"600 alumnes de la UAB visitaran Granollers per con\u00e8ixer \u00abCiutats Educadores\u00bb - IAEC 2026 Granollers","isPartOf":{"@id":"https:\/\/iaec2026granollers.com\/#website"},"primaryImageOfPage":{"@id":"https:\/\/iaec2026granollers.com\/600-alumnes-de-la-uab-visitaran-granollers-per-coneixer-ciutats-educadores\/#primaryimage"},"image":{"@id":"https:\/\/iaec2026granollers.com\/600-alumnes-de-la-uab-visitaran-granollers-per-coneixer-ciutats-educadores\/#primaryimage"},"thumbnailUrl":"https:\/\/iaec2026granollers.com\/wp-content\/uploads\/2026\/01\/IMG_20260123_102415-scaled.jpg","datePublished":"2026-01-26T12:59:57+00:00","dateModified":"2026-02-10T07:49:16+00:00","author":{"@id":"https:\/\/iaec2026granollers.com\/#\/schema\/person\/fd3271b45c66665f603aa75772212a4e"},"breadcrumb":{"@id":"https:\/\/iaec2026granollers.com\/600-alumnes-de-la-uab-visitaran-granollers-per-coneixer-ciutats-educadores\/#breadcrumb"},"inLanguage":"pt-PT","potentialAction":[{"@type":"ReadAction","target":["https:\/\/iaec2026granollers.com\/600-alumnes-de-la-uab-visitaran-granollers-per-coneixer-ciutats-educadores\/"]}]},{"@type":"ImageObject","inLanguage":"pt-PT","@id":"https:\/\/iaec2026granollers.com\/600-alumnes-de-la-uab-visitaran-granollers-per-coneixer-ciutats-educadores\/#primaryimage","url":"https:\/\/iaec2026granollers.com\/wp-content\/uploads\/2026\/01\/IMG_20260123_102415-scaled.jpg","contentUrl":"https:\/\/iaec2026granollers.com\/wp-content\/uploads\/2026\/01\/IMG_20260123_102415-scaled.jpg","width":2560,"height":1920,"caption":"Visites UAB"},{"@type":"BreadcrumbList","@id":"https:\/\/iaec2026granollers.com\/600-alumnes-de-la-uab-visitaran-granollers-per-coneixer-ciutats-educadores\/#breadcrumb","itemListElement":[{"@type":"ListItem","position":1,"name":"Inici","item":"https:\/\/iaec2026granollers.com\/"},{"@type":"ListItem","position":2,"name":"600 alumnes de la UAB visitaran Granollers per con\u00e8ixer \u00abCiutats Educadores\u00bb"}]},{"@type":"WebSite","@id":"https:\/\/iaec2026granollers.com\/#website","url":"https:\/\/iaec2026granollers.com\/","name":"IAEC 2026 Granollers","description":"","potentialAction":[{"@type":"SearchAction","target":{"@type":"EntryPoint","urlTemplate":"https:\/\/iaec2026granollers.com\/?s={search_term_string}"},"query-input":{"@type":"PropertyValueSpecification","valueRequired":true,"valueName":"search_term_string"}}],"inLanguage":"pt-PT"},{"@type":"Person","@id":"https:\/\/iaec2026granollers.com\/#\/schema\/person\/fd3271b45c66665f603aa75772212a4e","name":"slopez@granollers.cat","image":{"@type":"ImageObject","inLanguage":"pt-PT","@id":"https:\/\/iaec2026granollers.com\/#\/schema\/person\/image\/","url":"https:\/\/secure.gravatar.com\/avatar\/c1f90af8556a5331e7564df344dc986b621857a6b0e60648322f949da3f2804f?s=96&d=mm&r=g","contentUrl":"https:\/\/secure.gravatar.com\/avatar\/c1f90af8556a5331e7564df344dc986b621857a6b0e60648322f949da3f2804f?s=96&d=mm&r=g","caption":"slopez@granollers.cat"},"url":"https:\/\/iaec2026granollers.com\/pt\/author\/slopezgranollers-cat\/"}]}},"_links":{"self":[{"href":"https:\/\/iaec2026granollers.com\/pt\/wp-json\/wp\/v2\/posts\/3116","targetHints":{"allow":["GET"]}}],"collection":[{"href":"https:\/\/iaec2026granollers.com\/pt\/wp-json\/wp\/v2\/posts"}],"about":[{"href":"https:\/\/iaec2026granollers.com\/pt\/wp-json\/wp\/v2\/types\/post"}],"author":[{"embeddable":true,"href":"https:\/\/iaec2026granollers.com\/pt\/wp-json\/wp\/v2\/users\/7"}],"replies":[{"embeddable":true,"href":"https:\/\/iaec2026granollers.com\/pt\/wp-json\/wp\/v2\/comments?post=3116"}],"version-history":[{"count":5,"href":"https:\/\/iaec2026granollers.com\/pt\/wp-json\/wp\/v2\/posts\/3116\/revisions"}],"predecessor-version":[{"id":3184,"href":"https:\/\/iaec2026granollers.com\/pt\/wp-json\/wp\/v2\/posts\/3116\/revisions\/3184"}],"wp:featuredmedia":[{"embeddable":true,"href":"https:\/\/iaec2026granollers.com\/pt\/wp-json\/wp\/v2\/media\/3185"}],"wp:attachment":[{"href":"https:\/\/iaec2026granollers.com\/pt\/wp-json\/wp\/v2\/media?parent=3116"}],"wp:term":[{"taxonomy":"category","embeddable":true,"href":"https:\/\/iaec2026granollers.com\/pt\/wp-json\/wp\/v2\/categories?post=3116"},{"taxonomy":"post_tag","embeddable":true,"href":"https:\/\/iaec2026granollers.com\/pt\/wp-json\/wp\/v2\/tags?post=3116"}],"curies":[{"name":"wp","href":"https:\/\/api.w.org\/{rel}","templated":true}]}}